{"@context":"https:\/\/schema.org\/","@type":"CollectionPage","@id":"https:\/\/www.hermescv.cz\/domov\/#CollectionPage","headline":"Domov Category","description":"","url":"https:\/\/www.hermescv.cz\/domov\/","hasPart":[{"@type":"Article","@id":"https:\/\/www.hermescv.cz\/zabradli-na-schodisti\/","headline":"Z\u00e1bradl\u00ed na schodi\u0161ti","url":"https:\/\/www.hermescv.cz\/zabradli-na-schodisti\/","datePublished":"2024-06-28","dateModified":"2024-06-28","mainEntityOfPage":"https:\/\/www.hermescv.cz\/zabradli-na-schodisti\/","author":{"@type":"Person","@id":"https:\/\/www.hermescv.cz\/author\/devene\/#Person","name":"devene","url":"https:\/\/www.hermescv.cz\/author\/devene\/","identifier":1,"image":{"@type":"ImageObject","@id":"https:\/\/secure.gravatar.com\/avatar\/4faace62981be50719be6a25151192978e6d585737a520836dcb98934de3bb45?s=96&d=mm&r=g","url":"https:\/\/secure.gravatar.com\/avatar\/4faace62981be50719be6a25151192978e6d585737a520836dcb98934de3bb45?s=96&d=mm&r=g","height":96,"width":96}},"publisher":{"@type":"Organization","name":"hermescv.cz","logo":{"@type":"ImageObject","@id":"\/logo.png","url":"\/logo.png","width":600,"height":60}},"image":{"@type":"ImageObject","@id":"https:\/\/www.hermescv.cz\/wp-content\/uploads\/portrait-7217074_960_720.jpg","url":"https:\/\/www.hermescv.cz\/wp-content\/uploads\/portrait-7217074_960_720.jpg","height":0,"width":0},"keywords":null},{"@type":"Article","@id":"https:\/\/www.hermescv.cz\/domovy-starsich-a-mladsich-lidi\/","headline":"Domovy star\u0161\u00edch a mlad\u0161\u00edch lid\u00ed","url":"https:\/\/www.hermescv.cz\/domovy-starsich-a-mladsich-lidi\/","datePublished":"2022-03-02","dateModified":"2023-05-31","mainEntityOfPage":"https:\/\/www.hermescv.cz\/domovy-starsich-a-mladsich-lidi\/","author":{"@type":"Person","@id":"https:\/\/www.hermescv.cz\/author\/devene\/#Person","name":"devene","url":"https:\/\/www.hermescv.cz\/author\/devene\/","identifier":1,"image":{"@type":"ImageObject","@id":"https:\/\/secure.gravatar.com\/avatar\/4faace62981be50719be6a25151192978e6d585737a520836dcb98934de3bb45?s=96&d=mm&r=g","url":"https:\/\/secure.gravatar.com\/avatar\/4faace62981be50719be6a25151192978e6d585737a520836dcb98934de3bb45?s=96&d=mm&r=g","height":96,"width":96}},"publisher":{"@type":"Organization","name":"hermescv.cz","logo":{"@type":"ImageObject","@id":"\/logo.png","url":"\/logo.png","width":600,"height":60}},"image":{"@type":"ImageObject","@id":"https:\/\/www.hermescv.cz\/wp-content\/uploads\/interi%C3%A9r%20star%C3%BD.JPG","url":"https:\/\/www.hermescv.cz\/wp-content\/uploads\/interi%C3%A9r%20star%C3%BD.JPG","height":0,"width":0},"keywords":null},{"@type":"Article","@id":"https:\/\/www.hermescv.cz\/mobilni-dum-jako-privetive-utulne-a-male-bydleni-pro-kazdeho\/","headline":"Mobiln\u00ed d\u016fm jako p\u0159\u00edv\u011btiv\u00e9, \u00fatuln\u00e9 a mal\u00e9 bydlen\u00ed pro ka\u017ed\u00e9ho","url":"https:\/\/www.hermescv.cz\/mobilni-dum-jako-privetive-utulne-a-male-bydleni-pro-kazdeho\/","datePublished":"2020-09-16","dateModified":"2023-05-31","mainEntityOfPage":"https:\/\/www.hermescv.cz\/mobilni-dum-jako-privetive-utulne-a-male-bydleni-pro-kazdeho\/","author":{"@type":"Person","@id":"https:\/\/www.hermescv.cz\/author\/devene\/#Person","name":"devene","url":"https:\/\/www.hermescv.cz\/author\/devene\/","identifier":1,"image":{"@type":"ImageObject","@id":"https:\/\/secure.gravatar.com\/avatar\/4faace62981be50719be6a25151192978e6d585737a520836dcb98934de3bb45?s=96&d=mm&r=g","url":"https:\/\/secure.gravatar.com\/avatar\/4faace62981be50719be6a25151192978e6d585737a520836dcb98934de3bb45?s=96&d=mm&r=g","height":96,"width":96}},"publisher":{"@type":"Organization","name":"hermescv.cz","logo":{"@type":"ImageObject","@id":"\/logo.png","url":"\/logo.png","width":600,"height":60}},"image":{"@type":"ImageObject","@id":"https:\/\/www.hermescv.cz\/wp-content\/uploads\/lid%C3%A9%20v%20dom%C4%9B.jpeg","url":"https:\/\/www.hermescv.cz\/wp-content\/uploads\/lid%C3%A9%20v%20dom%C4%9B.jpeg","height":0,"width":0},"keywords":null},{"@type":"Article","@id":"https:\/\/www.hermescv.cz\/konec-s-kopirovanim-zijte-v-originalu\/","headline":"Konec s kop\u00edrov\u00e1n\u00edm! \u017dijte v origin\u00e1lu","url":"https:\/\/www.hermescv.cz\/konec-s-kopirovanim-zijte-v-originalu\/","datePublished":"2019-10-07","dateModified":"2023-05-31","mainEntityOfPage":"https:\/\/www.hermescv.cz\/konec-s-kopirovanim-zijte-v-originalu\/","author":{"@type":"Person","@id":"https:\/\/www.hermescv.cz\/author\/devene\/#Person","name":"devene","url":"https:\/\/www.hermescv.cz\/author\/devene\/","identifier":1,"image":{"@type":"ImageObject","@id":"https:\/\/secure.gravatar.com\/avatar\/4faace62981be50719be6a25151192978e6d585737a520836dcb98934de3bb45?s=96&d=mm&r=g","url":"https:\/\/secure.gravatar.com\/avatar\/4faace62981be50719be6a25151192978e6d585737a520836dcb98934de3bb45?s=96&d=mm&r=g","height":96,"width":96}},"publisher":{"@type":"Organization","name":"hermescv.cz","logo":{"@type":"ImageObject","@id":"\/logo.png","url":"\/logo.png","width":600,"height":60}},"image":{"@type":"ImageObject","@id":"https:\/\/www.hermescv.cz\/wp-content\/uploads\/img_a357709_w3877_t1572164027.jpg","url":"https:\/\/www.hermescv.cz\/wp-content\/uploads\/img_a357709_w3877_t1572164027.jpg","height":0,"width":0},"keywords":null}]}