[{"@context":"https:\/\/schema.org\/","@type":"Article","@id":"https:\/\/www.hermescv.cz\/i-blizko-je-krasne\/#Article","mainEntityOfPage":"https:\/\/www.hermescv.cz\/i-blizko-je-krasne\/","headline":"I bl\u00edzko je kr\u00e1sn\u011b","name":"I bl\u00edzko je kr\u00e1sn\u011b","description":"Kdysi jsme my \u010ce\u0161i tou\u017eili po cestov\u00e1n\u00ed do exotick\u00fdch kon\u010din. P\u0159i\u010dem\u017e jsme si samoz\u0159ejm\u011b pod [&hellip;]","datePublished":"2023-03-10","dateModified":"2023-07-21","author":{"@type":"Person","@id":"https:\/\/www.hermescv.cz\/author\/devene\/#Person","name":"devene","url":"https:\/\/www.hermescv.cz\/author\/devene\/","identifier":1,"image":{"@type":"ImageObject","@id":"https:\/\/secure.gravatar.com\/avatar\/4faace62981be50719be6a25151192978e6d585737a520836dcb98934de3bb45?s=96&d=mm&r=g","url":"https:\/\/secure.gravatar.com\/avatar\/4faace62981be50719be6a25151192978e6d585737a520836dcb98934de3bb45?s=96&d=mm&r=g","height":96,"width":96}},"publisher":{"@type":"Organization","name":"hermescv.cz","logo":{"@type":"ImageObject","@id":"\/logo.png","url":"\/logo.png","width":600,"height":60}},"image":{"@type":"ImageObject","@id":"https:\/\/www.hermescv.cz\/wp-content\/uploads\/a_10_4.jpg","url":"https:\/\/www.hermescv.cz\/wp-content\/uploads\/a_10_4.jpg","height":0,"width":0},"url":"https:\/\/www.hermescv.cz\/i-blizko-je-krasne\/","about":["Slu\u017eby"],"wordCount":440,"articleBody":"   Kdysi jsme my \u010ce\u0161i tou\u017eili po cestov\u00e1n\u00ed do exotick\u00fdch kon\u010din. P\u0159i\u010dem\u017e jsme si samoz\u0159ejm\u011b pod takovou exotikou p\u0159edstavovali i to, co u\u017e dnes exotick\u00e9 nen\u00ed. Prost\u011b jsme tou\u017eili po tom t\u011b\u017eko dostupn\u00e9m nebo i vysloven\u011b nedostupn\u00e9m, zejm\u00e9na po tom nal\u00e9zaj\u00edc\u00edm se n\u011bkde na z\u00e1pad od na\u0161ich hranic. Jen\u017ee jsme byli omezeni panuj\u00edc\u00edm re\u017eimem, a tak jsme \u010dasto museli z\u016fst\u00e1vat v domovsk\u00fdch kon\u010din\u00e1ch, kde jsme si mohli nechat jak o neoby\u010dejn\u00fdch z\u00e1\u017eitc\u00edch, tak i o kvalitn\u00edch slu\u017eb\u00e1ch leda tak zd\u00e1t.Ale doby se zm\u011bnily, my lid\u00e9 jsme procestovali sv\u011bt, slu\u017eby se zdokonalily u\u017e i v na\u0161em nejbli\u017e\u0161\u00edm sousedstv\u00ed, a tud\u00ed\u017e nen\u00ed divu, \u017ee op\u011bt vzrostl z\u00e1jem i o nedalek\u00e1 m\u00edsta. Pro\u010d se p\u0159ece plaho\u010dit n\u011bkam daleko, kdy\u017e si m\u016f\u017eeme p\u0159ij\u00edt na sv\u00e9 i docela bl\u00edzko, a pro\u010d se sh\u00e1n\u011bt po hotel\u00edch v exotick\u00fdch kraj\u00edch, kdy\u017e n\u00e1m poskytnou dokonal\u00e9 slu\u017eby i apartm\u00e1ny Velk\u00fd Meder https:\/\/www.travelguide.sk\/cze\/velky-meder\/ubytovani\/?apartmany=1?A tak m\u00ed\u0159\u00edme \u010dasto i do m\u00edst, kter\u00e1 jsme po otev\u0159en\u00ed se sv\u011btu pon\u011bkud zanedb\u00e1vali, a to nepr\u00e1vem. M\u00ed\u0159\u00edme i do Velk\u00e9ho Mederu, kter\u00fd n\u00e1m m\u016f\u017ee krom\u011b hotel\u016f nab\u00eddnout ubytov\u00e1n\u00ed i pr\u00e1v\u011b v apartm\u00e1nech. A je jenom na n\u00e1s, abychom si vybrali to, co up\u0159ednost\u0148ujeme.A pro\u010d si vybrat pr\u00e1v\u011b tamn\u00ed apartm\u00e1ny? Jist\u011b, n\u011bkomu by mohlo vadit, \u017ee tam si na rozd\u00edl od hotel\u016f mus\u00ed p\u0159ipravovat j\u00eddlo s\u00e1m, p\u0159\u00edpadn\u011b \u017ee mus\u00ed za t\u00edmto vyrazit n\u011bkam do restaurace, ale na druhou stranu je pr\u00e1v\u011b to n\u011bkdy i v\u00fdhodou, kdy\u017e se \u010dlov\u011bk nechce kv\u016fli stravov\u00e1n\u00ed \u010dasov\u011b omezovat. A pak u\u017e tu jsou ve srovn\u00e1n\u00ed s hotely \u010di penziony jenom p\u0159ednosti. T\u0159eba to, \u017ee se v apartm\u00e1nu m\u016f\u017ee ubytovat i v\u00edce lid\u00ed, \u017ee je tu v\u00edce soukrom\u00ed, ale i pohodl\u00ed a volnosti. A to je p\u0159ece n\u011bco, co si mnoz\u00ed z n\u00e1s cen\u00ed. A vzhledem k tomu, \u017ee se v\u011bt\u0161ina takov\u00fdch apartm\u00e1n\u016f nach\u00e1z\u00ed do p\u016fl kilometru od tamn\u00edho term\u00e1ln\u00edho koupali\u0161t\u011b, se lid\u00e9 z apartm\u00e1n\u016f nemus\u00ed omezovat ani v mo\u017enosti vyu\u017e\u00edv\u00e1n\u00ed t\u00e9to atrakce.                                                                                                                                                                                                                                                                                                                                                                                          4.7\/5 - (7 votes)        "},{"@context":"https:\/\/schema.org\/","@type":"BreadcrumbList","itemListElement":[{"@type":"ListItem","position":1,"name":"I bl\u00edzko je kr\u00e1sn\u011b","item":"https:\/\/www.hermescv.cz\/i-blizko-je-krasne\/#breadcrumbitem"}]}]